{"id":264154,"date":"2012-05-18T13:33:49","date_gmt":"2012-05-18T11:33:49","guid":{"rendered":"http:\/\/test.petiteprof79.eu\/?p=264154"},"modified":"2021-01-07T12:20:09","modified_gmt":"2021-01-07T11:20:09","slug":"lhistoire-de-france-en-70-minutes","status":"publish","type":"post","link":"https:\/\/www.petiteprof79.eu\/fr\/lhistoire-de-france-en-70-minutes\/","title":{"rendered":"L&rsquo;histoire de France en 70 minutes"},"content":{"rendered":"<p>Un projet de balladodiffusion sur l&rsquo;Histoire de France.<\/p>\n<div class=\"wp-playlist wp-audio-playlist wp-playlist-light\">\n\t\t\t<div class=\"wp-playlist-current-item\"><\/div>\n\t\t<audio controls=\"controls\" preload=\"none\" width=\"680\"\n\t\t\t><\/audio>\n\t<div class=\"wp-playlist-next\"><\/div>\n\t<div class=\"wp-playlist-prev\"><\/div>\n\t<noscript>\n\t<ol>\n\t\t<li><a href='https:\/\/www.petiteprof79.eu\/wp-content\/uploads\/2012\/05\/1_Intro.mp3'>Bonjour<\/a><\/li><li><a href='https:\/\/www.petiteprof79.eu\/wp-content\/uploads\/2012\/05\/2_Antiquite.mp3'>L'Antiquit\u00e9<\/a><\/li><li><a href='https:\/\/www.petiteprof79.eu\/wp-content\/uploads\/2012\/05\/3_LeMoyenAge.mp3'>Le Moyen Age<\/a><\/li><li><a href='https:\/\/www.petiteprof79.eu\/wp-content\/uploads\/2012\/05\/4_TempsModernes_Revolution.mp3'>Les Temps Modernes et la R\u00e9volution Francaise<\/a><\/li><li><a href='https:\/\/www.petiteprof79.eu\/wp-content\/uploads\/2012\/05\/5_1ereRepublique.mp3'>La Ire R\u00e9publique<\/a><\/li><li><a href='https:\/\/www.petiteprof79.eu\/wp-content\/uploads\/2012\/05\/6_Consulat.mp3'>Le Consulat<\/a><\/li><li><a href='https:\/\/www.petiteprof79.eu\/wp-content\/uploads\/2012\/05\/7_1erEmpire.mp3'>Le Ier Empire<\/a><\/li><li><a href='https:\/\/www.petiteprof79.eu\/wp-content\/uploads\/2012\/05\/8_Restauration.mp3'>La Restauration<\/a><\/li><li><a href='https:\/\/www.petiteprof79.eu\/wp-content\/uploads\/2012\/05\/9_2eRepublique.mp3'>La IIe R\u00e9publique<\/a><\/li><li><a href='https:\/\/www.petiteprof79.eu\/wp-content\/uploads\/2012\/05\/10_2ndEmpire.mp3'>Le IInd Empire<\/a><\/li><li><a href='https:\/\/www.petiteprof79.eu\/wp-content\/uploads\/2012\/05\/11_3eRepublique.mp3'>La IIIe R\u00e9publique<\/a><\/li><li><a href='https:\/\/www.petiteprof79.eu\/wp-content\/uploads\/2012\/05\/12_4eRepublique.mp3'>La IVe R\u00e9publique<\/a><\/li><li><a href='https:\/\/www.petiteprof79.eu\/wp-content\/uploads\/2012\/05\/13_5eRepublique.mp3'>La Ve R\u00e9publique<\/a><\/li><li><a href='https:\/\/www.petiteprof79.eu\/wp-content\/uploads\/2012\/05\/14_Merci.mp3'>Au Revoir<\/a><\/li>\t<\/ol>\n\t<\/noscript>\n\t<script type=\"application\/json\" class=\"wp-playlist-script\">{\"type\":\"audio\",\"tracklist\":true,\"tracknumbers\":true,\"images\":true,\"artists\":true,\"tracks\":[{\"src\":\"https:\/\/www.petiteprof79.eu\/wp-content\/uploads\/2012\/05\/1_Intro.mp3\",\"type\":\"audio\/mpeg\",\"title\":\"Bonjour\",\"caption\":\"\",\"description\":\"\\\"Bonjour\\\" aus L'Histoire de France en 70 Minutes von 3eA\/2ndeA\/2ndeB. Ver\\u00f6ffentlicht: 2012. 1 verfolgen. Genre: Projet Balladodiffusion.\",\"meta\":{\"artist\":\"3eA\/2ndeA\/2ndeB\",\"album\":\"L'Histoire de France en 70 Minutes\",\"genre\":\"Projet Balladodiffusion\",\"year\":\"2012\",\"length_formatted\":\"0:28\"},\"image\":{\"src\":\"https:\/\/www.petiteprof79.eu\/wp-includes\/images\/media\/audio.svg\",\"width\":48,\"height\":64},\"thumb\":{\"src\":\"https:\/\/www.petiteprof79.eu\/wp-includes\/images\/media\/audio.svg\",\"width\":48,\"height\":64}},{\"src\":\"https:\/\/www.petiteprof79.eu\/wp-content\/uploads\/2012\/05\/2_Antiquite.mp3\",\"type\":\"audio\/mpeg\",\"title\":\"L'Antiquit\\u00e9\",\"caption\":\"\",\"description\":\"\\\"L'Antiquit\\u00e9\\\" aus L'Histoire de France en 70 Minutes von 3eA\/2ndeA\/2ndeB. 2 verfolgen. Genre: Projet Balladodiffusion.\",\"meta\":{\"artist\":\"3eA\/2ndeA\/2ndeB\",\"album\":\"L'Histoire de France en 70 Minutes\",\"genre\":\"Projet Balladodiffusion\",\"length_formatted\":\"6:21\"},\"image\":{\"src\":\"https:\/\/www.petiteprof79.eu\/wp-includes\/images\/media\/audio.svg\",\"width\":48,\"height\":64},\"thumb\":{\"src\":\"https:\/\/www.petiteprof79.eu\/wp-includes\/images\/media\/audio.svg\",\"width\":48,\"height\":64}},{\"src\":\"https:\/\/www.petiteprof79.eu\/wp-content\/uploads\/2012\/05\/3_LeMoyenAge.mp3\",\"type\":\"audio\/mpeg\",\"title\":\"Le Moyen Age\",\"caption\":\"\",\"description\":\"\\\"Le Moyen Age\\\" aus L'Histoire de France en 70 Minutes von 3eA\/2ndeA\/2ndeB. 3 verfolgen.\",\"meta\":{\"artist\":\"3eA\/2ndeA\/2ndeB\",\"album\":\"L'Histoire de France en 70 Minutes\",\"length_formatted\":\"10:56\"},\"image\":{\"src\":\"https:\/\/www.petiteprof79.eu\/wp-includes\/images\/media\/audio.svg\",\"width\":48,\"height\":64},\"thumb\":{\"src\":\"https:\/\/www.petiteprof79.eu\/wp-includes\/images\/media\/audio.svg\",\"width\":48,\"height\":64}},{\"src\":\"https:\/\/www.petiteprof79.eu\/wp-content\/uploads\/2012\/05\/4_TempsModernes_Revolution.mp3\",\"type\":\"audio\/mpeg\",\"title\":\"Les Temps Modernes et la R\\u00e9volution Francaise\",\"caption\":\"\",\"description\":\"\\\"Les Temps Modernes et la R\\u00e9volution Francaise\\\" aus L'Histoire de France en 70 Minutes von 3eA\/2ndeA\/2ndeB. 4 verfolgen. Genre: Projet Balladodiffusion.\",\"meta\":{\"artist\":\"3eA\/2ndeA\/2ndeB\",\"album\":\"L'Histoire de France en 70 Minutes\",\"genre\":\"Projet Balladodiffusion\",\"length_formatted\":\"20:45\"},\"image\":{\"src\":\"https:\/\/www.petiteprof79.eu\/wp-includes\/images\/media\/audio.svg\",\"width\":48,\"height\":64},\"thumb\":{\"src\":\"https:\/\/www.petiteprof79.eu\/wp-includes\/images\/media\/audio.svg\",\"width\":48,\"height\":64}},{\"src\":\"https:\/\/www.petiteprof79.eu\/wp-content\/uploads\/2012\/05\/5_1ereRepublique.mp3\",\"type\":\"audio\/mpeg\",\"title\":\"La Ire R\\u00e9publique\",\"caption\":\"\",\"description\":\"\\\"La Ire R\\u00e9publique\\\" aus L'Histoire de France en 70 Minutes von 3eA\/2ndeA\/2ndeB. Ver\\u00f6ffentlicht: 2012. 5 verfolgen. Genre: Projet Balladodiffusion.\",\"meta\":{\"artist\":\"3eA\/2ndeA\/2ndeB\",\"album\":\"L'Histoire de France en 70 Minutes\",\"genre\":\"Projet Balladodiffusion\",\"year\":\"2012\",\"length_formatted\":\"3:58\"},\"image\":{\"src\":\"https:\/\/www.petiteprof79.eu\/wp-includes\/images\/media\/audio.svg\",\"width\":48,\"height\":64},\"thumb\":{\"src\":\"https:\/\/www.petiteprof79.eu\/wp-includes\/images\/media\/audio.svg\",\"width\":48,\"height\":64}},{\"src\":\"https:\/\/www.petiteprof79.eu\/wp-content\/uploads\/2012\/05\/6_Consulat.mp3\",\"type\":\"audio\/mpeg\",\"title\":\"Le Consulat\",\"caption\":\"\",\"description\":\"\\\"Le Consulat\\\" aus L'Histoire de France en 70 Minutes von 3eA\/2ndeA\/2ndeB. 6 verfolgen.\",\"meta\":{\"artist\":\"3eA\/2ndeA\/2ndeB\",\"album\":\"L'Histoire de France en 70 Minutes\",\"length_formatted\":\"1:15\"},\"image\":{\"src\":\"https:\/\/www.petiteprof79.eu\/wp-includes\/images\/media\/audio.svg\",\"width\":48,\"height\":64},\"thumb\":{\"src\":\"https:\/\/www.petiteprof79.eu\/wp-includes\/images\/media\/audio.svg\",\"width\":48,\"height\":64}},{\"src\":\"https:\/\/www.petiteprof79.eu\/wp-content\/uploads\/2012\/05\/7_1erEmpire.mp3\",\"type\":\"audio\/mpeg\",\"title\":\"Le Ier Empire\",\"caption\":\"\",\"description\":\"\\\"Le Ier Empire\\\" aus L'Histoire de France en 70 Minutes von 3eA\/2ndeA\/2ndeB. Ver\\u00f6ffentlicht: 2012. 7 verfolgen. Genre: Projet Balladodiffusion.\",\"meta\":{\"artist\":\"3eA\/2ndeA\/2ndeB\",\"album\":\"L'Histoire de France en 70 Minutes\",\"genre\":\"Projet Balladodiffusion\",\"year\":\"2012\",\"length_formatted\":\"3:39\"},\"image\":{\"src\":\"https:\/\/www.petiteprof79.eu\/wp-includes\/images\/media\/audio.svg\",\"width\":48,\"height\":64},\"thumb\":{\"src\":\"https:\/\/www.petiteprof79.eu\/wp-includes\/images\/media\/audio.svg\",\"width\":48,\"height\":64}},{\"src\":\"https:\/\/www.petiteprof79.eu\/wp-content\/uploads\/2012\/05\/8_Restauration.mp3\",\"type\":\"audio\/mpeg\",\"title\":\"La Restauration\",\"caption\":\"\",\"description\":\"\\\"La Restauration\\\" aus L'Histoire de France en 70 Minutes von 3eA\/2ndeA\/2ndeB. 8 verfolgen. Genre: Projet Balladodiffusion.\",\"meta\":{\"artist\":\"3eA\/2ndeA\/2ndeB\",\"album\":\"L'Histoire de France en 70 Minutes\",\"genre\":\"Projet Balladodiffusion\",\"length_formatted\":\"4:45\"},\"image\":{\"src\":\"https:\/\/www.petiteprof79.eu\/wp-includes\/images\/media\/audio.svg\",\"width\":48,\"height\":64},\"thumb\":{\"src\":\"https:\/\/www.petiteprof79.eu\/wp-includes\/images\/media\/audio.svg\",\"width\":48,\"height\":64}},{\"src\":\"https:\/\/www.petiteprof79.eu\/wp-content\/uploads\/2012\/05\/9_2eRepublique.mp3\",\"type\":\"audio\/mpeg\",\"title\":\"La IIe R\\u00e9publique\",\"caption\":\"\",\"description\":\"\\\"La IIe R\\u00e9publique\\\" aus L'Histoire de France en 70 Minutes von 3eA\/2ndeA\/2ndeB. Ver\\u00f6ffentlicht: 2012. 9 verfolgen. Genre: Projet Balladodiffusion.\",\"meta\":{\"artist\":\"3eA\/2ndeA\/2ndeB\",\"album\":\"L'Histoire de France en 70 Minutes\",\"genre\":\"Projet Balladodiffusion\",\"year\":\"2012\",\"length_formatted\":\"1:32\"},\"image\":{\"src\":\"https:\/\/www.petiteprof79.eu\/wp-includes\/images\/media\/audio.svg\",\"width\":48,\"height\":64},\"thumb\":{\"src\":\"https:\/\/www.petiteprof79.eu\/wp-includes\/images\/media\/audio.svg\",\"width\":48,\"height\":64}},{\"src\":\"https:\/\/www.petiteprof79.eu\/wp-content\/uploads\/2012\/05\/10_2ndEmpire.mp3\",\"type\":\"audio\/mpeg\",\"title\":\"Le IInd Empire\",\"caption\":\"\",\"description\":\"\\\"Le IInd Empire\\\" aus L'Histoire de France en 70 Minutes von 3eA\/2ndeA\/2ndeB. Ver\\u00f6ffentlicht: 2012. 10 verfolgen. Genre: Projet Balladodiffusion.\",\"meta\":{\"artist\":\"3eA\/2ndeA\/2ndeB\",\"album\":\"L'Histoire de France en 70 Minutes\",\"genre\":\"Projet Balladodiffusion\",\"year\":\"2012\",\"length_formatted\":\"1:49\"},\"image\":{\"src\":\"https:\/\/www.petiteprof79.eu\/wp-includes\/images\/media\/audio.svg\",\"width\":48,\"height\":64},\"thumb\":{\"src\":\"https:\/\/www.petiteprof79.eu\/wp-includes\/images\/media\/audio.svg\",\"width\":48,\"height\":64}},{\"src\":\"https:\/\/www.petiteprof79.eu\/wp-content\/uploads\/2012\/05\/11_3eRepublique.mp3\",\"type\":\"audio\/mpeg\",\"title\":\"La IIIe R\\u00e9publique\",\"caption\":\"\",\"description\":\"\\\"La IIIe R\\u00e9publique\\\" aus L'Histoire de France en 70 Minutes von 3eA\/2ndeA\/2ndeB. Ver\\u00f6ffentlicht: 2012. 11 verfolgen. Genre: Projet Balladodiffusion.\",\"meta\":{\"artist\":\"3eA\/2ndeA\/2ndeB\",\"album\":\"L'Histoire de France en 70 Minutes\",\"genre\":\"Projet Balladodiffusion\",\"year\":\"2012\",\"length_formatted\":\"8:04\"},\"image\":{\"src\":\"https:\/\/www.petiteprof79.eu\/wp-includes\/images\/media\/audio.svg\",\"width\":48,\"height\":64},\"thumb\":{\"src\":\"https:\/\/www.petiteprof79.eu\/wp-includes\/images\/media\/audio.svg\",\"width\":48,\"height\":64}},{\"src\":\"https:\/\/www.petiteprof79.eu\/wp-content\/uploads\/2012\/05\/12_4eRepublique.mp3\",\"type\":\"audio\/mpeg\",\"title\":\"La IVe R\\u00e9publique\",\"caption\":\"\",\"description\":\"\\\"La IVe R\\u00e9publique\\\" aus L'Histoire de France en 70 Minutes von 3eA\/2ndeA\/2ndeB. Ver\\u00f6ffentlicht: 2012. 12 verfolgen. Genre: Projet Balladodiffusion.\",\"meta\":{\"artist\":\"3eA\/2ndeA\/2ndeB\",\"album\":\"L'Histoire de France en 70 Minutes\",\"genre\":\"Projet Balladodiffusion\",\"year\":\"2012\",\"length_formatted\":\"4:10\"},\"image\":{\"src\":\"https:\/\/www.petiteprof79.eu\/wp-includes\/images\/media\/audio.svg\",\"width\":48,\"height\":64},\"thumb\":{\"src\":\"https:\/\/www.petiteprof79.eu\/wp-includes\/images\/media\/audio.svg\",\"width\":48,\"height\":64}},{\"src\":\"https:\/\/www.petiteprof79.eu\/wp-content\/uploads\/2012\/05\/13_5eRepublique.mp3\",\"type\":\"audio\/mpeg\",\"title\":\"La Ve R\\u00e9publique\",\"caption\":\"\",\"description\":\"\\\"La Ve R\\u00e9publique\\\" aus L'Histoire de France en 70 Minutes von 3eA\/2ndeA\/2ndeB. Ver\\u00f6ffentlicht: 2012. 13 verfolgen. Genre: Projet Balladodiffusion.\",\"meta\":{\"artist\":\"3eA\/2ndeA\/2ndeB\",\"album\":\"L'Histoire de France en 70 Minutes\",\"genre\":\"Projet Balladodiffusion\",\"year\":\"2012\",\"length_formatted\":\"7:29\"},\"image\":{\"src\":\"https:\/\/www.petiteprof79.eu\/wp-includes\/images\/media\/audio.svg\",\"width\":48,\"height\":64},\"thumb\":{\"src\":\"https:\/\/www.petiteprof79.eu\/wp-includes\/images\/media\/audio.svg\",\"width\":48,\"height\":64}},{\"src\":\"https:\/\/www.petiteprof79.eu\/wp-content\/uploads\/2012\/05\/14_Merci.mp3\",\"type\":\"audio\/mpeg\",\"title\":\"Au Revoir\",\"caption\":\"\",\"description\":\"\\\"Au Revoir\\\" aus L'Histoire de France en 70 Minutes von 3eA\/2ndeA\/2ndeB. 14 verfolgen. Genre: Projet Balladodiffusion.\",\"meta\":{\"artist\":\"3eA\/2ndeA\/2ndeB\",\"album\":\"L'Histoire de France en 70 Minutes\",\"genre\":\"Projet Balladodiffusion\",\"length_formatted\":\"0:20\"},\"image\":{\"src\":\"https:\/\/www.petiteprof79.eu\/wp-includes\/images\/media\/audio.svg\",\"width\":48,\"height\":64},\"thumb\":{\"src\":\"https:\/\/www.petiteprof79.eu\/wp-includes\/images\/media\/audio.svg\",\"width\":48,\"height\":64}}]}<\/script>\n<\/div>\n\t","protected":false},"excerpt":{"rendered":"<p>Un projet de balladodiffusion sur l&rsquo;Histoire de France.<\/p>\n","protected":false},"author":1,"featured_media":264151,"comment_status":"closed","ping_status":"open","sticky":false,"template":"","format":"audio","meta":{"_jetpack_memberships_contains_paid_content":false,"footnotes":""},"categories":[427,411,415,419],"tags":[],"class_list":{"0":"post-264154","1":"post","2":"type-post","3":"status-publish","4":"format-audio","5":"has-post-thumbnail","7":"category-projets-competences","8":"category-medias","9":"category-podcasts-fr","10":"category-projets","11":"post_format-post-format-audio"},"yoast_head":"<!-- This site is optimized with the Yoast SEO plugin v27.5 - https:\/\/yoast.com\/product\/yoast-seo-wordpress\/ -->\n<title>L&#039;histoire de France en 70 minutes - PetiteProf79<\/title>\n<meta name=\"robots\" content=\"index, follow, max-snippet:-1, max-image-preview:large, max-video-preview:-1\" \/>\n<link rel=\"canonical\" href=\"https:\/\/www.petiteprof79.eu\/fr\/lhistoire-de-france-en-70-minutes\/\" \/>\n<meta property=\"og:locale\" content=\"fr_FR\" \/>\n<meta property=\"og:type\" content=\"article\" \/>\n<meta property=\"og:title\" content=\"L&#039;histoire de France en 70 minutes - PetiteProf79\" \/>\n<meta property=\"og:description\" content=\"Un projet de balladodiffusion sur l&rsquo;Histoire de France.\" \/>\n<meta property=\"og:url\" content=\"https:\/\/www.petiteprof79.eu\/fr\/lhistoire-de-france-en-70-minutes\/\" \/>\n<meta property=\"og:site_name\" content=\"PetiteProf79\" \/>\n<meta property=\"article:published_time\" content=\"2012-05-18T11:33:49+00:00\" \/>\n<meta property=\"article:modified_time\" content=\"2021-01-07T11:20:09+00:00\" \/>\n<meta property=\"og:image\" content=\"https:\/\/www.petiteprof79.eu\/wp-content\/uploads\/2012\/05\/fig-05-01-2021_12-55-35.jpg\" \/>\n\t<meta property=\"og:image:width\" content=\"1078\" \/>\n\t<meta property=\"og:image:height\" content=\"516\" \/>\n\t<meta property=\"og:image:type\" content=\"image\/jpeg\" \/>\n<meta name=\"author\" content=\"Stephanie W\u00f6ssner\" \/>\n<meta name=\"twitter:card\" content=\"summary_large_image\" \/>\n<meta name=\"twitter:label1\" content=\"\u00c9crit par\" \/>\n\t<meta name=\"twitter:data1\" content=\"Stephanie W\u00f6ssner\" \/>\n<script type=\"application\/ld+json\" class=\"yoast-schema-graph\">{\"@context\":\"https:\\\/\\\/schema.org\",\"@graph\":[{\"@type\":\"Article\",\"@id\":\"https:\\\/\\\/www.petiteprof79.eu\\\/fr\\\/lhistoire-de-france-en-70-minutes\\\/#article\",\"isPartOf\":{\"@id\":\"https:\\\/\\\/www.petiteprof79.eu\\\/fr\\\/lhistoire-de-france-en-70-minutes\\\/\"},\"author\":{\"name\":\"Stephanie W\u00f6ssner\",\"@id\":\"https:\\\/\\\/www.petiteprof79.eu\\\/fr\\\/#\\\/schema\\\/person\\\/8cbae951d602a63f76d9ec84f84342e2\"},\"headline\":\"L&rsquo;histoire de France en 70 minutes\",\"datePublished\":\"2012-05-18T11:33:49+00:00\",\"dateModified\":\"2021-01-07T11:20:09+00:00\",\"mainEntityOfPage\":{\"@id\":\"https:\\\/\\\/www.petiteprof79.eu\\\/fr\\\/lhistoire-de-france-en-70-minutes\\\/\"},\"wordCount\":17,\"image\":{\"@id\":\"https:\\\/\\\/www.petiteprof79.eu\\\/fr\\\/lhistoire-de-france-en-70-minutes\\\/#primaryimage\"},\"thumbnailUrl\":\"https:\\\/\\\/www.petiteprof79.eu\\\/wp-content\\\/uploads\\\/2012\\\/05\\\/fig-05-01-2021_12-55-35.jpg\",\"articleSection\":[\"ax\u00e9s sur les comp\u00e9tences\",\"M\u00e9dias\",\"Podcasts\",\"projets\"],\"inLanguage\":\"fr-FR\"},{\"@type\":\"WebPage\",\"@id\":\"https:\\\/\\\/www.petiteprof79.eu\\\/fr\\\/lhistoire-de-france-en-70-minutes\\\/\",\"url\":\"https:\\\/\\\/www.petiteprof79.eu\\\/fr\\\/lhistoire-de-france-en-70-minutes\\\/\",\"name\":\"L'histoire de France en 70 minutes - PetiteProf79\",\"isPartOf\":{\"@id\":\"https:\\\/\\\/www.petiteprof79.eu\\\/fr\\\/#website\"},\"primaryImageOfPage\":{\"@id\":\"https:\\\/\\\/www.petiteprof79.eu\\\/fr\\\/lhistoire-de-france-en-70-minutes\\\/#primaryimage\"},\"image\":{\"@id\":\"https:\\\/\\\/www.petiteprof79.eu\\\/fr\\\/lhistoire-de-france-en-70-minutes\\\/#primaryimage\"},\"thumbnailUrl\":\"https:\\\/\\\/www.petiteprof79.eu\\\/wp-content\\\/uploads\\\/2012\\\/05\\\/fig-05-01-2021_12-55-35.jpg\",\"datePublished\":\"2012-05-18T11:33:49+00:00\",\"dateModified\":\"2021-01-07T11:20:09+00:00\",\"author\":{\"@id\":\"https:\\\/\\\/www.petiteprof79.eu\\\/fr\\\/#\\\/schema\\\/person\\\/8cbae951d602a63f76d9ec84f84342e2\"},\"breadcrumb\":{\"@id\":\"https:\\\/\\\/www.petiteprof79.eu\\\/fr\\\/lhistoire-de-france-en-70-minutes\\\/#breadcrumb\"},\"inLanguage\":\"fr-FR\",\"potentialAction\":[{\"@type\":\"ReadAction\",\"target\":[\"https:\\\/\\\/www.petiteprof79.eu\\\/fr\\\/lhistoire-de-france-en-70-minutes\\\/\"]}]},{\"@type\":\"ImageObject\",\"inLanguage\":\"fr-FR\",\"@id\":\"https:\\\/\\\/www.petiteprof79.eu\\\/fr\\\/lhistoire-de-france-en-70-minutes\\\/#primaryimage\",\"url\":\"https:\\\/\\\/www.petiteprof79.eu\\\/wp-content\\\/uploads\\\/2012\\\/05\\\/fig-05-01-2021_12-55-35.jpg\",\"contentUrl\":\"https:\\\/\\\/www.petiteprof79.eu\\\/wp-content\\\/uploads\\\/2012\\\/05\\\/fig-05-01-2021_12-55-35.jpg\",\"width\":1078,\"height\":516},{\"@type\":\"BreadcrumbList\",\"@id\":\"https:\\\/\\\/www.petiteprof79.eu\\\/fr\\\/lhistoire-de-france-en-70-minutes\\\/#breadcrumb\",\"itemListElement\":[{\"@type\":\"ListItem\",\"position\":1,\"name\":\"Startseite\",\"item\":\"https:\\\/\\\/www.petiteprof79.eu\\\/fr\\\/\"},{\"@type\":\"ListItem\",\"position\":2,\"name\":\"L&#8217;histoire de France en 70 minutes\"}]},{\"@type\":\"WebSite\",\"@id\":\"https:\\\/\\\/www.petiteprof79.eu\\\/fr\\\/#website\",\"url\":\"https:\\\/\\\/www.petiteprof79.eu\\\/fr\\\/\",\"name\":\"PetiteProf79\",\"description\":\"Catching up with the future\",\"potentialAction\":[{\"@type\":\"SearchAction\",\"target\":{\"@type\":\"EntryPoint\",\"urlTemplate\":\"https:\\\/\\\/www.petiteprof79.eu\\\/fr\\\/?s={search_term_string}\"},\"query-input\":{\"@type\":\"PropertyValueSpecification\",\"valueRequired\":true,\"valueName\":\"search_term_string\"}}],\"inLanguage\":\"fr-FR\"},{\"@type\":\"Person\",\"@id\":\"https:\\\/\\\/www.petiteprof79.eu\\\/fr\\\/#\\\/schema\\\/person\\\/8cbae951d602a63f76d9ec84f84342e2\",\"name\":\"Stephanie W\u00f6ssner\",\"sameAs\":[\"https:\\\/\\\/www.steffi-woessner.de\"],\"url\":\"https:\\\/\\\/www.petiteprof79.eu\\\/fr\\\/author\\\/petiteadmin\\\/\"}]}<\/script>\n<!-- \/ Yoast SEO plugin. -->","yoast_head_json":{"title":"L'histoire de France en 70 minutes - PetiteProf79","robots":{"index":"index","follow":"follow","max-snippet":"max-snippet:-1","max-image-preview":"max-image-preview:large","max-video-preview":"max-video-preview:-1"},"canonical":"https:\/\/www.petiteprof79.eu\/fr\/lhistoire-de-france-en-70-minutes\/","og_locale":"fr_FR","og_type":"article","og_title":"L'histoire de France en 70 minutes - PetiteProf79","og_description":"Un projet de balladodiffusion sur l&rsquo;Histoire de France.","og_url":"https:\/\/www.petiteprof79.eu\/fr\/lhistoire-de-france-en-70-minutes\/","og_site_name":"PetiteProf79","article_published_time":"2012-05-18T11:33:49+00:00","article_modified_time":"2021-01-07T11:20:09+00:00","og_image":[{"width":1078,"height":516,"url":"https:\/\/www.petiteprof79.eu\/wp-content\/uploads\/2012\/05\/fig-05-01-2021_12-55-35.jpg","type":"image\/jpeg"}],"author":"Stephanie W\u00f6ssner","twitter_card":"summary_large_image","twitter_misc":{"\u00c9crit par":"Stephanie W\u00f6ssner"},"schema":{"@context":"https:\/\/schema.org","@graph":[{"@type":"Article","@id":"https:\/\/www.petiteprof79.eu\/fr\/lhistoire-de-france-en-70-minutes\/#article","isPartOf":{"@id":"https:\/\/www.petiteprof79.eu\/fr\/lhistoire-de-france-en-70-minutes\/"},"author":{"name":"Stephanie W\u00f6ssner","@id":"https:\/\/www.petiteprof79.eu\/fr\/#\/schema\/person\/8cbae951d602a63f76d9ec84f84342e2"},"headline":"L&rsquo;histoire de France en 70 minutes","datePublished":"2012-05-18T11:33:49+00:00","dateModified":"2021-01-07T11:20:09+00:00","mainEntityOfPage":{"@id":"https:\/\/www.petiteprof79.eu\/fr\/lhistoire-de-france-en-70-minutes\/"},"wordCount":17,"image":{"@id":"https:\/\/www.petiteprof79.eu\/fr\/lhistoire-de-france-en-70-minutes\/#primaryimage"},"thumbnailUrl":"https:\/\/www.petiteprof79.eu\/wp-content\/uploads\/2012\/05\/fig-05-01-2021_12-55-35.jpg","articleSection":["ax\u00e9s sur les comp\u00e9tences","M\u00e9dias","Podcasts","projets"],"inLanguage":"fr-FR"},{"@type":"WebPage","@id":"https:\/\/www.petiteprof79.eu\/fr\/lhistoire-de-france-en-70-minutes\/","url":"https:\/\/www.petiteprof79.eu\/fr\/lhistoire-de-france-en-70-minutes\/","name":"L'histoire de France en 70 minutes - PetiteProf79","isPartOf":{"@id":"https:\/\/www.petiteprof79.eu\/fr\/#website"},"primaryImageOfPage":{"@id":"https:\/\/www.petiteprof79.eu\/fr\/lhistoire-de-france-en-70-minutes\/#primaryimage"},"image":{"@id":"https:\/\/www.petiteprof79.eu\/fr\/lhistoire-de-france-en-70-minutes\/#primaryimage"},"thumbnailUrl":"https:\/\/www.petiteprof79.eu\/wp-content\/uploads\/2012\/05\/fig-05-01-2021_12-55-35.jpg","datePublished":"2012-05-18T11:33:49+00:00","dateModified":"2021-01-07T11:20:09+00:00","author":{"@id":"https:\/\/www.petiteprof79.eu\/fr\/#\/schema\/person\/8cbae951d602a63f76d9ec84f84342e2"},"breadcrumb":{"@id":"https:\/\/www.petiteprof79.eu\/fr\/lhistoire-de-france-en-70-minutes\/#breadcrumb"},"inLanguage":"fr-FR","potentialAction":[{"@type":"ReadAction","target":["https:\/\/www.petiteprof79.eu\/fr\/lhistoire-de-france-en-70-minutes\/"]}]},{"@type":"ImageObject","inLanguage":"fr-FR","@id":"https:\/\/www.petiteprof79.eu\/fr\/lhistoire-de-france-en-70-minutes\/#primaryimage","url":"https:\/\/www.petiteprof79.eu\/wp-content\/uploads\/2012\/05\/fig-05-01-2021_12-55-35.jpg","contentUrl":"https:\/\/www.petiteprof79.eu\/wp-content\/uploads\/2012\/05\/fig-05-01-2021_12-55-35.jpg","width":1078,"height":516},{"@type":"BreadcrumbList","@id":"https:\/\/www.petiteprof79.eu\/fr\/lhistoire-de-france-en-70-minutes\/#breadcrumb","itemListElement":[{"@type":"ListItem","position":1,"name":"Startseite","item":"https:\/\/www.petiteprof79.eu\/fr\/"},{"@type":"ListItem","position":2,"name":"L&#8217;histoire de France en 70 minutes"}]},{"@type":"WebSite","@id":"https:\/\/www.petiteprof79.eu\/fr\/#website","url":"https:\/\/www.petiteprof79.eu\/fr\/","name":"PetiteProf79","description":"Catching up with the future","potentialAction":[{"@type":"SearchAction","target":{"@type":"EntryPoint","urlTemplate":"https:\/\/www.petiteprof79.eu\/fr\/?s={search_term_string}"},"query-input":{"@type":"PropertyValueSpecification","valueRequired":true,"valueName":"search_term_string"}}],"inLanguage":"fr-FR"},{"@type":"Person","@id":"https:\/\/www.petiteprof79.eu\/fr\/#\/schema\/person\/8cbae951d602a63f76d9ec84f84342e2","name":"Stephanie W\u00f6ssner","sameAs":["https:\/\/www.steffi-woessner.de"],"url":"https:\/\/www.petiteprof79.eu\/fr\/author\/petiteadmin\/"}]}},"jetpack_featured_media_url":"https:\/\/www.petiteprof79.eu\/wp-content\/uploads\/2012\/05\/fig-05-01-2021_12-55-35.jpg","jetpack_shortlink":"https:\/\/wp.me\/p307rJ-16Iy","jetpack_sharing_enabled":true,"_links":{"self":[{"href":"https:\/\/www.petiteprof79.eu\/fr\/wp-json\/wp\/v2\/posts\/264154","targetHints":{"allow":["GET"]}}],"collection":[{"href":"https:\/\/www.petiteprof79.eu\/fr\/wp-json\/wp\/v2\/posts"}],"about":[{"href":"https:\/\/www.petiteprof79.eu\/fr\/wp-json\/wp\/v2\/types\/post"}],"author":[{"embeddable":true,"href":"https:\/\/www.petiteprof79.eu\/fr\/wp-json\/wp\/v2\/users\/1"}],"replies":[{"embeddable":true,"href":"https:\/\/www.petiteprof79.eu\/fr\/wp-json\/wp\/v2\/comments?post=264154"}],"version-history":[{"count":1,"href":"https:\/\/www.petiteprof79.eu\/fr\/wp-json\/wp\/v2\/posts\/264154\/revisions"}],"predecessor-version":[{"id":264814,"href":"https:\/\/www.petiteprof79.eu\/fr\/wp-json\/wp\/v2\/posts\/264154\/revisions\/264814"}],"wp:featuredmedia":[{"embeddable":true,"href":"https:\/\/www.petiteprof79.eu\/fr\/wp-json\/wp\/v2\/media\/264151"}],"wp:attachment":[{"href":"https:\/\/www.petiteprof79.eu\/fr\/wp-json\/wp\/v2\/media?parent=264154"}],"wp:term":[{"taxonomy":"category","embeddable":true,"href":"https:\/\/www.petiteprof79.eu\/fr\/wp-json\/wp\/v2\/categories?post=264154"},{"taxonomy":"post_tag","embeddable":true,"href":"https:\/\/www.petiteprof79.eu\/fr\/wp-json\/wp\/v2\/tags?post=264154"}],"curies":[{"name":"wp","href":"https:\/\/api.w.org\/{rel}","templated":true}]}}